{"id":9937,"date":"2022-03-07T08:50:33","date_gmt":"2022-03-07T09:50:33","guid":{"rendered":"https:\/\/www.hkdest.se\/?p=9937"},"modified":"2023-06-02T11:06:40","modified_gmt":"2023-06-02T11:06:40","slug":"anna-hellgren-ar-ny-verksamhetsledare-for-hoga-kusten-turism","status":"publish","type":"post","link":"https:\/\/www.hkdest.se\/en\/pressmeddelanden\/anna-hellgren-ar-ny-verksamhetsledare-for-hoga-kusten-turism\/","title":{"rendered":"Anna Hellgren \u00e4r ny verksamhetsledare f\u00f6r H\u00f6ga Kusten Turism"},"content":{"rendered":"<div><\/div>\n<p><strong>I b\u00f6rjan p\u00e5 mars tilltr\u00e4dde Anna Hellgren som verksamhetsledare f\u00f6r H\u00f6ga Kusten Turism. Tillsammans med ca 125 medlemsf\u00f6retag kommer hon att arbeta med att st\u00e4rka varum\u00e4rket H\u00f6ga Kusten och jobba f\u00f6r att h\u00f6ja destinationen en niv\u00e5 till.<\/strong><\/p>\n<p>\u2013 Jag \u00e4lskar H\u00f6ga Kusten och det \u00e4r ett dr\u00f6mjobb att f\u00e5 arbeta tillsammans med f\u00f6retagen och alla som bor i omr\u00e5det f\u00f6r att ge \u00e4nnu fler chansen att uppt\u00e4ckta denna fantastiska del av Sverige och v\u00e4rlden.<\/p>\n<p>Anna Hellgren har en bakgrund som journalist, projektledare och verksamhetsutvecklare. Hon \u00e4r f\u00f6dd i Sollefte\u00e5 och har sedan m\u00e5nga \u00e5r sommarstuga i H\u00f6ga Kusten vilket har gett henne b\u00e5de k\u00e4rlek och kunskap om omr\u00e5det. Hon har jobbat m\u00e5nga \u00e5r p\u00e5 SVT i Ume\u00e5, med m\u00e5nga olika program och nyheter vilket g\u00f6r att hon har ett starkt samh\u00e4llsintresse.<\/p>\n<p>\u2013 Jag ser att allt h\u00e4nger ihop, bes\u00f6ksn\u00e4ringen st\u00e4rker kommunerna och g\u00f6r det m\u00f6jligt att b\u00e5de bo kvar och flytta in i omr\u00e5det. Det k\u00e4nns v\u00e4ldigt sp\u00e4nnande och utmanade att jobba f\u00f6r att genomf\u00f6ra H\u00f6ga Kustens gemensamma strategi mot 2030 och det k\u00e4nns bra att det \u00e4r fyra kommuner och hela regionen som st\u00e5r bakom det gemensamma m\u00e5let, s\u00e4ger Anna.<\/p>\n<p>F\u00f6rutom det sj\u00e4lvklara att det \u00e4r naturen som lockar bes\u00f6kare till omr\u00e5det ser Anna en stor potential att l\u00e5ta kultur och historia bli en av det som g\u00f6r ett bes\u00f6k i H\u00f6ga Kusten till ett minne f\u00f6r livet.<\/p>\n<p>Fr\u00e5n H\u00f6ga Kusten Destinationsutvecklings sida ser man positivt p\u00e5 rekryteringen och Annas kompetens, bakgrund och stora kontaktn\u00e4t.<\/p>\n<p>\u2013 Samverkan mellan det kommunala bolaget H\u00f6ga Kusten Destinationsutveckling och det n\u00e4rings\u00e4gda H\u00f6ga Kusten Turism \u00e4r j\u00e4tteviktigt och en av v\u00e5ra framg\u00e5ngsfaktorer. Tillsammans kommer vi forts\u00e4tta st\u00e4rka utbudet och attraktionskraften i omr\u00e5det. F\u00f6rra sommaren var en rekordsommar och det ser ut som att vi \u00e4r p\u00e5 v\u00e4g mot n\u00e5got liknande i \u00e5r, men vi jobbar ocks\u00e5 f\u00f6r att f\u00e5 bes\u00f6karna att l\u00e4ngta till och uppleva H\u00f6ga Kusten \u00e5ret om, f\u00f6rklarar Mia Karlsson VD f\u00f6r H\u00f6ga Kusten Destinationsutveckling.<\/p>\n<p>Medlemsf\u00f6retagen i H\u00f6ga Kusten Turism \u00e4r mycket n\u00f6jda med rekryteringen av Anna Hellgren.<\/p>\n<p>\u2013 Annas engagemang och driv kring H\u00f6ga Kusten k\u00e4nns mycket positivt, och eftersom v\u00e5r nuvarande verksamhetsledare Mikael Englund kommer att finnas kvar p\u00e5 deltid s\u00e5 kommer vi att kunna forts\u00e4tta att jobba fram\u00e5t utan att tappa fart i v\u00e4xlingen, s\u00e4ger Torbj\u00f6rn Ullsten, VD f\u00f6r Mj\u00e4lloms Tunnbr\u00f6d och ordf\u00f6rande i H\u00f6ga Kusten Turism.<\/p>\n<p>\u2013 Tillsammans jobbar vi vidare f\u00f6r att st\u00e4rka f\u00f6retagen, utveckla samarbetet, servicen och utbudet i omr\u00e5det. Det finns mycket att g\u00f6ra f\u00f6r vi har sp\u00e4nt b\u00e5gen ordentligt inf\u00f6r de kommande \u00e5ren, och nu kommer vi att jobba f\u00f6r att konkretisera m\u00e5len bit f\u00f6r bit, avslutar Torbj\u00f6rn.<\/p>\n<p>F\u00f6r mer information:<\/p>\n<p>Mia Karlsson, VD H\u00f6ga Kusten Destinationsutveckling, 070-360 24 05.<\/p>\n<p>Anna Hellgren, Verksamhetsledare H\u00f6ga Kusten Turism, 070\u20135175053.<\/p>\n<p>Torbj\u00f6rn Ullsten, Ordf\u00f6rande i H\u00f6ga Kusten Turism och VD Mj\u00e4lloms Tunnbr\u00f6d 0613-71 13 51.<\/p>\n&nbsp;\r\n\r\nDetta pressmeddelande publicerades ursprungligen p\u00e5 Mynewsdesk, <a href=\"http:\/\/https:\/\/www.mynewsdesk.com\/se\/hogakusten\/pressreleases\/anna-hellgren-aer-ny-verksamhetsledare-foer-hoega-kusten-turism-3166745?utm_source=rss&utm_medium=rss&utm_campaign=Subscription&utm_content=pressrelease\">klicka h\u00e4r<\/a> f\u00f6r att se pressmeddelandet i Mynewsdesk.","protected":false},"excerpt":{"rendered":"<p>I b\u00f6rjan p\u00e5 mars tilltr\u00e4dde Anna Hellgren som verksamhetsledare f\u00f6r H\u00f6ga Kusten Turism. Tillsammans med ca 125 medlemsf\u00f6retag kommer hon att arbeta med att st\u00e4rka varum\u00e4rket H\u00f6ga Kusten och jobba f\u00f6r att h\u00f6ja destinationen en niv\u00e5 till. \u2013 Jag \u00e4lskar H\u00f6ga Kusten och det \u00e4r ett dr\u00f6mjobb att f\u00e5 arbeta tillsammans med f\u00f6retagen och alla [&hellip;]<\/p>\n","protected":false},"author":2,"featured_media":9939,"comment_status":"close","ping_status":"open","sticky":false,"template":"","format":"standard","meta":{"inline_featured_image":false,"footnotes":""},"categories":[52],"tags":[],"projekt":[],"kategori":[],"class_list":["post-9937","post","type-post","status-publish","format-standard","has-post-thumbnail","hentry","category-pressmeddelanden"],"yoast_head":"<!-- This site is optimized with the Yoast SEO plugin v27.5 - https:\/\/yoast.com\/product\/yoast-seo-wordpress\/ -->\n<title>Anna Hellgren \u00e4r ny verksamhetsledare f\u00f6r H\u00f6ga Kusten Turism - H\u00f6ga Kusten Destinationsutveckling<\/title>\n<meta name=\"robots\" content=\"index, follow, max-snippet:-1, max-image-preview:large, max-video-preview:-1\" \/>\n<link rel=\"canonical\" href=\"https:\/\/www.mynewsdesk.com\/se\/hogakusten\/pressreleases\/anna-hellgren-aer-ny-verksamhetsledare-foer-hoega-kusten-turism-3166745?utm_source=rss&utm_medium=rss&utm_campaign=Subscription&utm_content=pressrelease\" \/>\n<meta property=\"og:locale\" content=\"en_US\" \/>\n<meta property=\"og:type\" content=\"article\" \/>\n<meta property=\"og:title\" content=\"Anna Hellgren \u00e4r ny verksamhetsledare f\u00f6r H\u00f6ga Kusten Turism - H\u00f6ga Kusten Destinationsutveckling\" \/>\n<meta property=\"og:description\" content=\"I b\u00f6rjan p\u00e5 mars tilltr\u00e4dde Anna Hellgren som verksamhetsledare f\u00f6r H\u00f6ga Kusten Turism. Tillsammans med ca 125 medlemsf\u00f6retag kommer hon att arbeta med att st\u00e4rka varum\u00e4rket H\u00f6ga Kusten och jobba f\u00f6r att h\u00f6ja destinationen en niv\u00e5 till. \u2013 Jag \u00e4lskar H\u00f6ga Kusten och det \u00e4r ett dr\u00f6mjobb att f\u00e5 arbeta tillsammans med f\u00f6retagen och alla [&hellip;]\" \/>\n<meta property=\"og:url\" content=\"https:\/\/www.mynewsdesk.com\/se\/hogakusten\/pressreleases\/anna-hellgren-aer-ny-verksamhetsledare-foer-hoega-kusten-turism-3166745?utm_source=rss&amp;utm_medium=rss&amp;utm_campaign=Subscription&amp;utm_content=pressrelease\" \/>\n<meta property=\"og:site_name\" content=\"H\u00f6ga Kusten Destinationsutveckling\" \/>\n<meta property=\"article:publisher\" content=\"https:\/\/www.facebook.com\/hogakusten\" \/>\n<meta property=\"article:published_time\" content=\"2022-03-07T09:50:33+00:00\" \/>\n<meta property=\"article:modified_time\" content=\"2023-06-02T11:06:40+00:00\" \/>\n<meta property=\"og:image\" content=\"https:\/\/www.hkdest.se\/wp-content\/uploads\/2022\/03\/jpdx18tibjfz19zugom9.jpg\" \/>\n\t<meta property=\"og:image:width\" content=\"1782\" \/>\n\t<meta property=\"og:image:height\" content=\"1002\" \/>\n\t<meta property=\"og:image:type\" content=\"image\/jpeg\" \/>\n<meta name=\"author\" content=\"HK Dest\" \/>\n<meta name=\"twitter:card\" content=\"summary_large_image\" \/>\n<meta name=\"twitter:label1\" content=\"Written by\" \/>\n\t<meta name=\"twitter:data1\" content=\"HK Dest\" \/>\n\t<meta name=\"twitter:label2\" content=\"Est. reading time\" \/>\n\t<meta name=\"twitter:data2\" content=\"3 minutes\" \/>\n<script type=\"application\/ld+json\" class=\"yoast-schema-graph\">{\"@context\":\"https:\\\/\\\/schema.org\",\"@graph\":[{\"@type\":\"Article\",\"@id\":\"https:\\\/\\\/www.mynewsdesk.com\\\/se\\\/hogakusten\\\/pressreleases\\\/anna-hellgren-aer-ny-verksamhetsledare-foer-hoega-kusten-turism-3166745?utm_source=rss&utm_medium=rss&utm_campaign=Subscription&utm_content=pressrelease#article\",\"isPartOf\":{\"@id\":\"https:\\\/\\\/www.hkdest.se\\\/pressmeddelanden\\\/anna-hellgren-ar-ny-verksamhetsledare-for-hoga-kusten-turism\\\/\"},\"author\":{\"name\":\"HK Dest\",\"@id\":\"https:\\\/\\\/www.hkdest.se\\\/#\\\/schema\\\/person\\\/c262408fce9386c8d4250bda068e119e\"},\"headline\":\"Anna Hellgren \u00e4r ny verksamhetsledare f\u00f6r H\u00f6ga Kusten Turism\",\"datePublished\":\"2022-03-07T09:50:33+00:00\",\"dateModified\":\"2023-06-02T11:06:40+00:00\",\"mainEntityOfPage\":{\"@id\":\"https:\\\/\\\/www.hkdest.se\\\/pressmeddelanden\\\/anna-hellgren-ar-ny-verksamhetsledare-for-hoga-kusten-turism\\\/\"},\"wordCount\":580,\"publisher\":{\"@id\":\"https:\\\/\\\/www.hkdest.se\\\/#organization\"},\"image\":{\"@id\":\"https:\\\/\\\/www.mynewsdesk.com\\\/se\\\/hogakusten\\\/pressreleases\\\/anna-hellgren-aer-ny-verksamhetsledare-foer-hoega-kusten-turism-3166745?utm_source=rss&utm_medium=rss&utm_campaign=Subscription&utm_content=pressrelease#primaryimage\"},\"thumbnailUrl\":\"https:\\\/\\\/www.hkdest.se\\\/wp-content\\\/uploads\\\/2022\\\/03\\\/jpdx18tibjfz19zugom9.jpg\",\"articleSection\":[\"Pressmeddelanden\"],\"inLanguage\":\"en-US\"},{\"@type\":\"WebPage\",\"@id\":\"https:\\\/\\\/www.hkdest.se\\\/pressmeddelanden\\\/anna-hellgren-ar-ny-verksamhetsledare-for-hoga-kusten-turism\\\/\",\"url\":\"https:\\\/\\\/www.mynewsdesk.com\\\/se\\\/hogakusten\\\/pressreleases\\\/anna-hellgren-aer-ny-verksamhetsledare-foer-hoega-kusten-turism-3166745?utm_source=rss&utm_medium=rss&utm_campaign=Subscription&utm_content=pressrelease\",\"name\":\"Anna Hellgren \u00e4r ny verksamhetsledare f\u00f6r H\u00f6ga Kusten Turism - H\u00f6ga Kusten Destinationsutveckling\",\"isPartOf\":{\"@id\":\"https:\\\/\\\/www.hkdest.se\\\/#website\"},\"primaryImageOfPage\":{\"@id\":\"https:\\\/\\\/www.mynewsdesk.com\\\/se\\\/hogakusten\\\/pressreleases\\\/anna-hellgren-aer-ny-verksamhetsledare-foer-hoega-kusten-turism-3166745?utm_source=rss&utm_medium=rss&utm_campaign=Subscription&utm_content=pressrelease#primaryimage\"},\"image\":{\"@id\":\"https:\\\/\\\/www.mynewsdesk.com\\\/se\\\/hogakusten\\\/pressreleases\\\/anna-hellgren-aer-ny-verksamhetsledare-foer-hoega-kusten-turism-3166745?utm_source=rss&utm_medium=rss&utm_campaign=Subscription&utm_content=pressrelease#primaryimage\"},\"thumbnailUrl\":\"https:\\\/\\\/www.hkdest.se\\\/wp-content\\\/uploads\\\/2022\\\/03\\\/jpdx18tibjfz19zugom9.jpg\",\"datePublished\":\"2022-03-07T09:50:33+00:00\",\"dateModified\":\"2023-06-02T11:06:40+00:00\",\"breadcrumb\":{\"@id\":\"https:\\\/\\\/www.mynewsdesk.com\\\/se\\\/hogakusten\\\/pressreleases\\\/anna-hellgren-aer-ny-verksamhetsledare-foer-hoega-kusten-turism-3166745?utm_source=rss&utm_medium=rss&utm_campaign=Subscription&utm_content=pressrelease#breadcrumb\"},\"inLanguage\":\"en-US\",\"potentialAction\":[{\"@type\":\"ReadAction\",\"target\":[\"https:\\\/\\\/www.mynewsdesk.com\\\/se\\\/hogakusten\\\/pressreleases\\\/anna-hellgren-aer-ny-verksamhetsledare-foer-hoega-kusten-turism-3166745?utm_source=rss&utm_medium=rss&utm_campaign=Subscription&utm_content=pressrelease\"]}]},{\"@type\":\"ImageObject\",\"inLanguage\":\"en-US\",\"@id\":\"https:\\\/\\\/www.mynewsdesk.com\\\/se\\\/hogakusten\\\/pressreleases\\\/anna-hellgren-aer-ny-verksamhetsledare-foer-hoega-kusten-turism-3166745?utm_source=rss&utm_medium=rss&utm_campaign=Subscription&utm_content=pressrelease#primaryimage\",\"url\":\"https:\\\/\\\/www.hkdest.se\\\/wp-content\\\/uploads\\\/2022\\\/03\\\/jpdx18tibjfz19zugom9.jpg\",\"contentUrl\":\"https:\\\/\\\/www.hkdest.se\\\/wp-content\\\/uploads\\\/2022\\\/03\\\/jpdx18tibjfz19zugom9.jpg\",\"width\":1782,\"height\":1002},{\"@type\":\"BreadcrumbList\",\"@id\":\"https:\\\/\\\/www.mynewsdesk.com\\\/se\\\/hogakusten\\\/pressreleases\\\/anna-hellgren-aer-ny-verksamhetsledare-foer-hoega-kusten-turism-3166745?utm_source=rss&utm_medium=rss&utm_campaign=Subscription&utm_content=pressrelease#breadcrumb\",\"itemListElement\":[{\"@type\":\"ListItem\",\"position\":1,\"name\":\"Hem\",\"item\":\"https:\\\/\\\/www.hkdest.se\\\/\"},{\"@type\":\"ListItem\",\"position\":2,\"name\":\"Anna Hellgren \u00e4r ny verksamhetsledare f\u00f6r H\u00f6ga Kusten Turism\"}]},{\"@type\":\"WebSite\",\"@id\":\"https:\\\/\\\/www.hkdest.se\\\/#website\",\"url\":\"https:\\\/\\\/www.hkdest.se\\\/\",\"name\":\"H\u00f6ga Kusten Destinationsutveckling\",\"description\":\"Tillsammans bygger vi framtidens H\u00f6ga Kusten\",\"publisher\":{\"@id\":\"https:\\\/\\\/www.hkdest.se\\\/#organization\"},\"potentialAction\":[{\"@type\":\"SearchAction\",\"target\":{\"@type\":\"EntryPoint\",\"urlTemplate\":\"https:\\\/\\\/www.hkdest.se\\\/?s={search_term_string}\"},\"query-input\":{\"@type\":\"PropertyValueSpecification\",\"valueRequired\":true,\"valueName\":\"search_term_string\"}}],\"inLanguage\":\"en-US\"},{\"@type\":\"Organization\",\"@id\":\"https:\\\/\\\/www.hkdest.se\\\/#organization\",\"name\":\"H\u00f6ga Kusten Destinationsutveckling\",\"url\":\"https:\\\/\\\/www.hkdest.se\\\/\",\"logo\":{\"@type\":\"ImageObject\",\"inLanguage\":\"en-US\",\"@id\":\"https:\\\/\\\/www.hkdest.se\\\/#\\\/schema\\\/logo\\\/image\\\/\",\"url\":\"https:\\\/\\\/www.hkdest.se\\\/wp-content\\\/uploads\\\/2021\\\/10\\\/cropped-HK_Dest_LOGOTYP_color_liten_Rityta-1.png\",\"contentUrl\":\"https:\\\/\\\/www.hkdest.se\\\/wp-content\\\/uploads\\\/2021\\\/10\\\/cropped-HK_Dest_LOGOTYP_color_liten_Rityta-1.png\",\"width\":286,\"height\":300,\"caption\":\"H\u00f6ga Kusten Destinationsutveckling\"},\"image\":{\"@id\":\"https:\\\/\\\/www.hkdest.se\\\/#\\\/schema\\\/logo\\\/image\\\/\"},\"sameAs\":[\"https:\\\/\\\/www.facebook.com\\\/hogakusten\"]},{\"@type\":\"Person\",\"@id\":\"https:\\\/\\\/www.hkdest.se\\\/#\\\/schema\\\/person\\\/c262408fce9386c8d4250bda068e119e\",\"name\":\"HK Dest\",\"url\":\"https:\\\/\\\/www.hkdest.se\\\/en\\\/author\\\/hk-dest\\\/\"}]}<\/script>\n<!-- \/ Yoast SEO plugin. -->","yoast_head_json":{"title":"Anna Hellgren \u00e4r ny verksamhetsledare f\u00f6r H\u00f6ga Kusten Turism - H\u00f6ga Kusten Destinationsutveckling","robots":{"index":"index","follow":"follow","max-snippet":"max-snippet:-1","max-image-preview":"max-image-preview:large","max-video-preview":"max-video-preview:-1"},"canonical":"https:\/\/www.mynewsdesk.com\/se\/hogakusten\/pressreleases\/anna-hellgren-aer-ny-verksamhetsledare-foer-hoega-kusten-turism-3166745?utm_source=rss&utm_medium=rss&utm_campaign=Subscription&utm_content=pressrelease","og_locale":"en_US","og_type":"article","og_title":"Anna Hellgren \u00e4r ny verksamhetsledare f\u00f6r H\u00f6ga Kusten Turism - H\u00f6ga Kusten Destinationsutveckling","og_description":"I b\u00f6rjan p\u00e5 mars tilltr\u00e4dde Anna Hellgren som verksamhetsledare f\u00f6r H\u00f6ga Kusten Turism. Tillsammans med ca 125 medlemsf\u00f6retag kommer hon att arbeta med att st\u00e4rka varum\u00e4rket H\u00f6ga Kusten och jobba f\u00f6r att h\u00f6ja destinationen en niv\u00e5 till. \u2013 Jag \u00e4lskar H\u00f6ga Kusten och det \u00e4r ett dr\u00f6mjobb att f\u00e5 arbeta tillsammans med f\u00f6retagen och alla [&hellip;]","og_url":"https:\/\/www.mynewsdesk.com\/se\/hogakusten\/pressreleases\/anna-hellgren-aer-ny-verksamhetsledare-foer-hoega-kusten-turism-3166745?utm_source=rss&utm_medium=rss&utm_campaign=Subscription&utm_content=pressrelease","og_site_name":"H\u00f6ga Kusten Destinationsutveckling","article_publisher":"https:\/\/www.facebook.com\/hogakusten","article_published_time":"2022-03-07T09:50:33+00:00","article_modified_time":"2023-06-02T11:06:40+00:00","og_image":[{"width":1782,"height":1002,"url":"https:\/\/www.hkdest.se\/wp-content\/uploads\/2022\/03\/jpdx18tibjfz19zugom9.jpg","type":"image\/jpeg"}],"author":"HK Dest","twitter_card":"summary_large_image","twitter_misc":{"Written by":"HK Dest","Est. reading time":"3 minutes"},"schema":{"@context":"https:\/\/schema.org","@graph":[{"@type":"Article","@id":"https:\/\/www.mynewsdesk.com\/se\/hogakusten\/pressreleases\/anna-hellgren-aer-ny-verksamhetsledare-foer-hoega-kusten-turism-3166745?utm_source=rss&utm_medium=rss&utm_campaign=Subscription&utm_content=pressrelease#article","isPartOf":{"@id":"https:\/\/www.hkdest.se\/pressmeddelanden\/anna-hellgren-ar-ny-verksamhetsledare-for-hoga-kusten-turism\/"},"author":{"name":"HK Dest","@id":"https:\/\/www.hkdest.se\/#\/schema\/person\/c262408fce9386c8d4250bda068e119e"},"headline":"Anna Hellgren \u00e4r ny verksamhetsledare f\u00f6r H\u00f6ga Kusten Turism","datePublished":"2022-03-07T09:50:33+00:00","dateModified":"2023-06-02T11:06:40+00:00","mainEntityOfPage":{"@id":"https:\/\/www.hkdest.se\/pressmeddelanden\/anna-hellgren-ar-ny-verksamhetsledare-for-hoga-kusten-turism\/"},"wordCount":580,"publisher":{"@id":"https:\/\/www.hkdest.se\/#organization"},"image":{"@id":"https:\/\/www.mynewsdesk.com\/se\/hogakusten\/pressreleases\/anna-hellgren-aer-ny-verksamhetsledare-foer-hoega-kusten-turism-3166745?utm_source=rss&utm_medium=rss&utm_campaign=Subscription&utm_content=pressrelease#primaryimage"},"thumbnailUrl":"https:\/\/www.hkdest.se\/wp-content\/uploads\/2022\/03\/jpdx18tibjfz19zugom9.jpg","articleSection":["Pressmeddelanden"],"inLanguage":"en-US"},{"@type":"WebPage","@id":"https:\/\/www.hkdest.se\/pressmeddelanden\/anna-hellgren-ar-ny-verksamhetsledare-for-hoga-kusten-turism\/","url":"https:\/\/www.mynewsdesk.com\/se\/hogakusten\/pressreleases\/anna-hellgren-aer-ny-verksamhetsledare-foer-hoega-kusten-turism-3166745?utm_source=rss&utm_medium=rss&utm_campaign=Subscription&utm_content=pressrelease","name":"Anna Hellgren \u00e4r ny verksamhetsledare f\u00f6r H\u00f6ga Kusten Turism - H\u00f6ga Kusten Destinationsutveckling","isPartOf":{"@id":"https:\/\/www.hkdest.se\/#website"},"primaryImageOfPage":{"@id":"https:\/\/www.mynewsdesk.com\/se\/hogakusten\/pressreleases\/anna-hellgren-aer-ny-verksamhetsledare-foer-hoega-kusten-turism-3166745?utm_source=rss&utm_medium=rss&utm_campaign=Subscription&utm_content=pressrelease#primaryimage"},"image":{"@id":"https:\/\/www.mynewsdesk.com\/se\/hogakusten\/pressreleases\/anna-hellgren-aer-ny-verksamhetsledare-foer-hoega-kusten-turism-3166745?utm_source=rss&utm_medium=rss&utm_campaign=Subscription&utm_content=pressrelease#primaryimage"},"thumbnailUrl":"https:\/\/www.hkdest.se\/wp-content\/uploads\/2022\/03\/jpdx18tibjfz19zugom9.jpg","datePublished":"2022-03-07T09:50:33+00:00","dateModified":"2023-06-02T11:06:40+00:00","breadcrumb":{"@id":"https:\/\/www.mynewsdesk.com\/se\/hogakusten\/pressreleases\/anna-hellgren-aer-ny-verksamhetsledare-foer-hoega-kusten-turism-3166745?utm_source=rss&utm_medium=rss&utm_campaign=Subscription&utm_content=pressrelease#breadcrumb"},"inLanguage":"en-US","potentialAction":[{"@type":"ReadAction","target":["https:\/\/www.mynewsdesk.com\/se\/hogakusten\/pressreleases\/anna-hellgren-aer-ny-verksamhetsledare-foer-hoega-kusten-turism-3166745?utm_source=rss&utm_medium=rss&utm_campaign=Subscription&utm_content=pressrelease"]}]},{"@type":"ImageObject","inLanguage":"en-US","@id":"https:\/\/www.mynewsdesk.com\/se\/hogakusten\/pressreleases\/anna-hellgren-aer-ny-verksamhetsledare-foer-hoega-kusten-turism-3166745?utm_source=rss&utm_medium=rss&utm_campaign=Subscription&utm_content=pressrelease#primaryimage","url":"https:\/\/www.hkdest.se\/wp-content\/uploads\/2022\/03\/jpdx18tibjfz19zugom9.jpg","contentUrl":"https:\/\/www.hkdest.se\/wp-content\/uploads\/2022\/03\/jpdx18tibjfz19zugom9.jpg","width":1782,"height":1002},{"@type":"BreadcrumbList","@id":"https:\/\/www.mynewsdesk.com\/se\/hogakusten\/pressreleases\/anna-hellgren-aer-ny-verksamhetsledare-foer-hoega-kusten-turism-3166745?utm_source=rss&utm_medium=rss&utm_campaign=Subscription&utm_content=pressrelease#breadcrumb","itemListElement":[{"@type":"ListItem","position":1,"name":"Hem","item":"https:\/\/www.hkdest.se\/"},{"@type":"ListItem","position":2,"name":"Anna Hellgren \u00e4r ny verksamhetsledare f\u00f6r H\u00f6ga Kusten Turism"}]},{"@type":"WebSite","@id":"https:\/\/www.hkdest.se\/#website","url":"https:\/\/www.hkdest.se\/","name":"H\u00f6ga Kusten Destinationsutveckling","description":"Tillsammans bygger vi framtidens H\u00f6ga Kusten","publisher":{"@id":"https:\/\/www.hkdest.se\/#organization"},"potentialAction":[{"@type":"SearchAction","target":{"@type":"EntryPoint","urlTemplate":"https:\/\/www.hkdest.se\/?s={search_term_string}"},"query-input":{"@type":"PropertyValueSpecification","valueRequired":true,"valueName":"search_term_string"}}],"inLanguage":"en-US"},{"@type":"Organization","@id":"https:\/\/www.hkdest.se\/#organization","name":"H\u00f6ga Kusten Destinationsutveckling","url":"https:\/\/www.hkdest.se\/","logo":{"@type":"ImageObject","inLanguage":"en-US","@id":"https:\/\/www.hkdest.se\/#\/schema\/logo\/image\/","url":"https:\/\/www.hkdest.se\/wp-content\/uploads\/2021\/10\/cropped-HK_Dest_LOGOTYP_color_liten_Rityta-1.png","contentUrl":"https:\/\/www.hkdest.se\/wp-content\/uploads\/2021\/10\/cropped-HK_Dest_LOGOTYP_color_liten_Rityta-1.png","width":286,"height":300,"caption":"H\u00f6ga Kusten Destinationsutveckling"},"image":{"@id":"https:\/\/www.hkdest.se\/#\/schema\/logo\/image\/"},"sameAs":["https:\/\/www.facebook.com\/hogakusten"]},{"@type":"Person","@id":"https:\/\/www.hkdest.se\/#\/schema\/person\/c262408fce9386c8d4250bda068e119e","name":"HK Dest","url":"https:\/\/www.hkdest.se\/en\/author\/hk-dest\/"}]}},"_links":{"self":[{"href":"https:\/\/www.hkdest.se\/en\/wp-json\/wp\/v2\/posts\/9937","targetHints":{"allow":["GET"]}}],"collection":[{"href":"https:\/\/www.hkdest.se\/en\/wp-json\/wp\/v2\/posts"}],"about":[{"href":"https:\/\/www.hkdest.se\/en\/wp-json\/wp\/v2\/types\/post"}],"author":[{"embeddable":true,"href":"https:\/\/www.hkdest.se\/en\/wp-json\/wp\/v2\/users\/2"}],"replies":[{"embeddable":true,"href":"https:\/\/www.hkdest.se\/en\/wp-json\/wp\/v2\/comments?post=9937"}],"version-history":[{"count":0,"href":"https:\/\/www.hkdest.se\/en\/wp-json\/wp\/v2\/posts\/9937\/revisions"}],"wp:featuredmedia":[{"embeddable":true,"href":"https:\/\/www.hkdest.se\/en\/wp-json\/wp\/v2\/media\/9939"}],"wp:attachment":[{"href":"https:\/\/www.hkdest.se\/en\/wp-json\/wp\/v2\/media?parent=9937"}],"wp:term":[{"taxonomy":"category","embeddable":true,"href":"https:\/\/www.hkdest.se\/en\/wp-json\/wp\/v2\/categories?post=9937"},{"taxonomy":"post_tag","embeddable":true,"href":"https:\/\/www.hkdest.se\/en\/wp-json\/wp\/v2\/tags?post=9937"},{"taxonomy":"projekt","embeddable":true,"href":"https:\/\/www.hkdest.se\/en\/wp-json\/wp\/v2\/projekt?post=9937"},{"taxonomy":"kategori","embeddable":true,"href":"https:\/\/www.hkdest.se\/en\/wp-json\/wp\/v2\/kategori?post=9937"}],"curies":[{"name":"wp","href":"https:\/\/api.w.org\/{rel}","templated":true}]}}