{"id":9771,"date":"2020-10-14T10:47:11","date_gmt":"2020-10-14T10:47:11","guid":{"rendered":"https:\/\/www.hkdest.se\/?p=9771"},"modified":"2023-06-02T11:04:54","modified_gmt":"2023-06-02T11:04:54","slug":"rekordmanga-svenskar-semestrade-i-hoga-kusten-i-juli","status":"publish","type":"post","link":"https:\/\/www.hkdest.se\/en\/nyheter\/rekordmanga-svenskar-semestrade-i-hoga-kusten-i-juli\/","title":{"rendered":"Rekordm\u00e5nga svenskar semestrade i H\u00f6ga Kusten i juli"},"content":{"rendered":"<div><\/div>\n<p><strong>Efter en intensiv v\u00e5r d\u00e4r vi p\u00e5 H\u00f6ga Kusten Destinationsutveckling aktivt st\u00e4llt om v\u00e5ra resurser f\u00f6r att b\u00e5de kortsiktigt och l\u00e5ngsiktigt st\u00e4rka bes\u00f6ksn\u00e4ringsf\u00f6retagen i H\u00f6ga Kusten, kom i mitten p\u00e5 juni ett f\u00f6r m\u00e5nga efterl\u00e4ngtat besked; reserestriktionerna l\u00e4ttar och det blir m\u00f6jligt att resa inom Sverige igen. Hemester var ordet p\u00e5 allas l\u00e4ppar och fr\u00e5n en dag till en annan b\u00f6rjade orderb\u00f6ckerna hos H\u00f6ga Kustens entrepren\u00f6rer fyllas p\u00e5. Siffrorna f\u00f6r juli och augusti visar ocks\u00e5 att de kommersiella boendena i H\u00f6ga Kusten aldrig tidigare haft s\u00e5 m\u00e5nga svenska g\u00e4ster.<\/strong><\/p>\n<p>Fr\u00e5n Destinationsbolaget sida rullade vi i b\u00f6rjan p\u00e5 sommaren ut \u201dsolstolskampanjen\u201d \u00f6ver hela Sverige. Intresset f\u00f6r H\u00f6ga Kusten var stort och storslagna vyer med vida ytor gjorde v\u00e5rt utbud extra attraktivt. Nyfikenheten f\u00f6r H\u00f6ga Kusten spred sig och under juli \u00f6kade antalet bes\u00f6kare p\u00e5 <a href=\"http:\/\/www.hogakusten.com\/\" rel=\"nofollow\">www.hogakusten.com<\/a> med hela 90 procent j\u00e4mf\u00f6rt med juli 2019.\u00a0<\/p>\n<p>De slutgiltiga g\u00e4stnattssiffrorna summerar vi f\u00f6rst efter ny\u00e5r. En f\u00f6rhandstitt p\u00e5 siffrorna f\u00f6r juli och augusti visar att de kommersiella boendena i H\u00f6ga Kusten aldrig haft s\u00e5 m\u00e5nga svenska g\u00e4ster. All time high g\u00e4llande hotelln\u00e4tter i juli m\u00e5nad.  \u00c4ven g\u00e4stn\u00e4tterna p\u00e5 camping i augusti m\u00e5nad vittnar om en \u00f6kning sedan i fjol, som redan d\u00e5 var ett rekord\u00e5r.<\/p>\n<p><strong>Trygg och s\u00e4ker semesterupplevelse<\/strong><\/p>\n<p>\u2013 Inf\u00f6r sommaren lade vi stort fokus p\u00e5 att ta fram ett destinations\u00f6vergripande informationsmaterial till f\u00f6retagen. I vilket det tydliggjordes hur bes\u00f6karna kan f\u00e5 personlig service p\u00e5 plats samtidigt som det\u00a0p\u00e5minde\u00a0om att h\u00e5lla ett hj\u00e4rtligt avst\u00e5nd och ta ansvar f\u00f6r varandra och naturen. En stor eloge till alla som skapade en trygg och s\u00e4ker semesterupplevelse f\u00f6r v\u00e5ra bes\u00f6kare denna annorlunda sommar, s\u00e4ger Mia Karlsson, VD H\u00f6ga Kusten Destinationsutveckling.<\/p>\n<p>I och med att det blev en annorlunda sommar valde m\u00e5nga att semestra p\u00e5 hemmaplan. Under juli och augusti m\u00e4rkte H\u00f6ga Kustens gemensamma Turistservice av ett stort antal svenska bes\u00f6kare. M\u00e5nga av dem var f\u00f6rstag\u00e5ngsbes\u00f6kare.\u00a0<\/p>\n<p>\u2013 Enskilda entrepren\u00f6rer ber\u00e4ttar om 20 till 30 % \u00f6kningar b\u00e5de vad g\u00e4ller g\u00e4stn\u00e4tter och oms\u00e4ttning. Jag hoppas och tror att m\u00e5nga av v\u00e5ra bes\u00f6kare hade en positiv upplevelse och att de vill \u00e5terkomma till H\u00f6ga Kusten igen. Vi har redan nu f\u00e5tt en hel del f\u00f6rfr\u00e5gningar inf\u00f6r 2021, s\u00e4ger Maria Lundkvist, Verksamhetsledare f\u00f6r H\u00f6ga Kusten Turistservice.<\/p>\n<p>I en j\u00e4mf\u00f6relse med \u00f6vriga landet, s\u00e5 har Stockholmsregionen minskat med 60 % sedan augusti i fjol. Rikssnittet vad g\u00e4ller g\u00e4stn\u00e4tter i juli ligger p\u00e5 en 32 % minskning och augusti p\u00e5 en 33 % nedg\u00e5ng mot i fjol.<\/p>\n<p>F\u00f6r mer information<\/p>\n<p>Mia Karlsson, VD H\u00f6ga Kusten Destinationsutveckling, 070 360 24 05<\/p>\n<p><em>K\u00e4lla: SCB\/Tillv\u00e4xtverket<\/em><\/p>\n<p><em>Inkvarteringsstatistiken beskriver en del av turismen i Sverige och avser enbart kommersiella \u00f6vernattningar p\u00e5 hotell, stugbyar, vandrarhem, camping.<\/em><\/p>\n<p><em>Dagbes\u00f6k, \u00f6vernattningar i fritidshus, bes\u00f6k hos sl\u00e4kt och v\u00e4nner eller privat hyrda boenden via exempelvis Airbnb som \u00e4r viktiga delar av turismen ing\u00e5r inte.<\/em><\/p>\n<p>L\u00e4s ocks\u00e5:<\/p>\n<p><a href=\"https:\/\/www.mynewsdesk.com\/se\/_preview\/pressreleases\/3006977\" rel=\"nofollow\"> N\u00e4r allt k\u00e4nns annorlunda erbjuder H\u00f6ga Kusten nya perspektiv<\/a><\/p>\n<p><a href=\"https:\/\/www.mynewsdesk.com\/se\/_preview\/blog_posts\/92761\" rel=\"nofollow\">En annorlunda sommar n\u00e4rmar sig<\/a> <\/p>\n&nbsp;\r\n\r\nDenna nyhet publicerades ursprungligen p\u00e5 Mynewsdesk, <a href=\"http:\/\/https:\/\/www.mynewsdesk.com\/se\/hogakusten\/news\/rekordmaanga-svenskar-semestrade-i-hoega-kusten-i-juli-412781?utm_source=rss&utm_medium=rss&utm_campaign=Subscription&utm_content=news\">klicka h\u00e4r<\/a> f\u00f6r att se nyheten i Mynewsdesk.","protected":false},"excerpt":{"rendered":"<p>Efter en intensiv v\u00e5r d\u00e4r vi p\u00e5 H\u00f6ga Kusten Destinationsutveckling aktivt st\u00e4llt om v\u00e5ra resurser f\u00f6r att b\u00e5de kortsiktigt och l\u00e5ngsiktigt st\u00e4rka bes\u00f6ksn\u00e4ringsf\u00f6retagen i H\u00f6ga Kusten, kom i mitten p\u00e5 juni ett f\u00f6r m\u00e5nga efterl\u00e4ngtat besked; reserestriktionerna l\u00e4ttar och det blir m\u00f6jligt att resa inom Sverige igen. Hemester var ordet p\u00e5 allas l\u00e4ppar och fr\u00e5n [&hellip;]<\/p>\n","protected":false},"author":2,"featured_media":9773,"comment_status":"close","ping_status":"open","sticky":false,"template":"","format":"standard","meta":{"inline_featured_image":false,"footnotes":""},"categories":[50],"tags":[],"projekt":[],"kategori":[],"class_list":["post-9771","post","type-post","status-publish","format-standard","has-post-thumbnail","hentry","category-nyheter"],"yoast_head":"<!-- This site is optimized with the Yoast SEO plugin v27.5 - https:\/\/yoast.com\/product\/yoast-seo-wordpress\/ -->\n<title>Rekordm\u00e5nga svenskar semestrade i H\u00f6ga Kusten i juli - H\u00f6ga Kusten Destinationsutveckling<\/title>\n<meta name=\"robots\" content=\"index, follow, max-snippet:-1, max-image-preview:large, max-video-preview:-1\" \/>\n<link rel=\"canonical\" href=\"https:\/\/www.mynewsdesk.com\/se\/hogakusten\/news\/rekordmaanga-svenskar-semestrade-i-hoega-kusten-i-juli-412781?utm_source=rss&utm_medium=rss&utm_campaign=Subscription&utm_content=news\" \/>\n<meta property=\"og:locale\" content=\"en_US\" \/>\n<meta property=\"og:type\" content=\"article\" \/>\n<meta property=\"og:title\" content=\"Rekordm\u00e5nga svenskar semestrade i H\u00f6ga Kusten i juli - H\u00f6ga Kusten Destinationsutveckling\" \/>\n<meta property=\"og:description\" content=\"Efter en intensiv v\u00e5r d\u00e4r vi p\u00e5 H\u00f6ga Kusten Destinationsutveckling aktivt st\u00e4llt om v\u00e5ra resurser f\u00f6r att b\u00e5de kortsiktigt och l\u00e5ngsiktigt st\u00e4rka bes\u00f6ksn\u00e4ringsf\u00f6retagen i H\u00f6ga Kusten, kom i mitten p\u00e5 juni ett f\u00f6r m\u00e5nga efterl\u00e4ngtat besked; reserestriktionerna l\u00e4ttar och det blir m\u00f6jligt att resa inom Sverige igen. Hemester var ordet p\u00e5 allas l\u00e4ppar och fr\u00e5n [&hellip;]\" \/>\n<meta property=\"og:url\" content=\"https:\/\/www.mynewsdesk.com\/se\/hogakusten\/news\/rekordmaanga-svenskar-semestrade-i-hoega-kusten-i-juli-412781?utm_source=rss&amp;utm_medium=rss&amp;utm_campaign=Subscription&amp;utm_content=news\" \/>\n<meta property=\"og:site_name\" content=\"H\u00f6ga Kusten Destinationsutveckling\" \/>\n<meta property=\"article:publisher\" content=\"https:\/\/www.facebook.com\/hogakusten\" \/>\n<meta property=\"article:published_time\" content=\"2020-10-14T10:47:11+00:00\" \/>\n<meta property=\"article:modified_time\" content=\"2023-06-02T11:04:54+00:00\" \/>\n<meta property=\"og:image\" content=\"https:\/\/www.hkdest.se\/wp-content\/uploads\/2020\/10\/wbroac2rxj8dy9ola4xr.jpg\" \/>\n\t<meta property=\"og:image:width\" content=\"1782\" \/>\n\t<meta property=\"og:image:height\" content=\"1002\" \/>\n\t<meta property=\"og:image:type\" content=\"image\/jpeg\" \/>\n<meta name=\"author\" content=\"HK Dest\" \/>\n<meta name=\"twitter:card\" content=\"summary_large_image\" \/>\n<meta name=\"twitter:label1\" content=\"Written by\" \/>\n\t<meta name=\"twitter:data1\" content=\"HK Dest\" \/>\n\t<meta name=\"twitter:label2\" content=\"Est. reading time\" \/>\n\t<meta name=\"twitter:data2\" content=\"3 minutes\" \/>\n<script type=\"application\/ld+json\" class=\"yoast-schema-graph\">{\"@context\":\"https:\\\/\\\/schema.org\",\"@graph\":[{\"@type\":\"Article\",\"@id\":\"https:\\\/\\\/www.mynewsdesk.com\\\/se\\\/hogakusten\\\/news\\\/rekordmaanga-svenskar-semestrade-i-hoega-kusten-i-juli-412781?utm_source=rss&utm_medium=rss&utm_campaign=Subscription&utm_content=news#article\",\"isPartOf\":{\"@id\":\"https:\\\/\\\/www.hkdest.se\\\/nyheter\\\/rekordmanga-svenskar-semestrade-i-hoga-kusten-i-juli\\\/\"},\"author\":{\"name\":\"HK Dest\",\"@id\":\"https:\\\/\\\/www.hkdest.se\\\/#\\\/schema\\\/person\\\/c262408fce9386c8d4250bda068e119e\"},\"headline\":\"Rekordm\u00e5nga svenskar semestrade i H\u00f6ga Kusten i juli\",\"datePublished\":\"2020-10-14T10:47:11+00:00\",\"dateModified\":\"2023-06-02T11:04:54+00:00\",\"mainEntityOfPage\":{\"@id\":\"https:\\\/\\\/www.hkdest.se\\\/nyheter\\\/rekordmanga-svenskar-semestrade-i-hoga-kusten-i-juli\\\/\"},\"wordCount\":588,\"publisher\":{\"@id\":\"https:\\\/\\\/www.hkdest.se\\\/#organization\"},\"image\":{\"@id\":\"https:\\\/\\\/www.mynewsdesk.com\\\/se\\\/hogakusten\\\/news\\\/rekordmaanga-svenskar-semestrade-i-hoega-kusten-i-juli-412781?utm_source=rss&utm_medium=rss&utm_campaign=Subscription&utm_content=news#primaryimage\"},\"thumbnailUrl\":\"https:\\\/\\\/www.hkdest.se\\\/wp-content\\\/uploads\\\/2020\\\/10\\\/wbroac2rxj8dy9ola4xr.jpg\",\"articleSection\":[\"Nyheter\"],\"inLanguage\":\"en-US\"},{\"@type\":\"WebPage\",\"@id\":\"https:\\\/\\\/www.hkdest.se\\\/nyheter\\\/rekordmanga-svenskar-semestrade-i-hoga-kusten-i-juli\\\/\",\"url\":\"https:\\\/\\\/www.mynewsdesk.com\\\/se\\\/hogakusten\\\/news\\\/rekordmaanga-svenskar-semestrade-i-hoega-kusten-i-juli-412781?utm_source=rss&utm_medium=rss&utm_campaign=Subscription&utm_content=news\",\"name\":\"Rekordm\u00e5nga svenskar semestrade i H\u00f6ga Kusten i juli - H\u00f6ga Kusten Destinationsutveckling\",\"isPartOf\":{\"@id\":\"https:\\\/\\\/www.hkdest.se\\\/#website\"},\"primaryImageOfPage\":{\"@id\":\"https:\\\/\\\/www.mynewsdesk.com\\\/se\\\/hogakusten\\\/news\\\/rekordmaanga-svenskar-semestrade-i-hoega-kusten-i-juli-412781?utm_source=rss&utm_medium=rss&utm_campaign=Subscription&utm_content=news#primaryimage\"},\"image\":{\"@id\":\"https:\\\/\\\/www.mynewsdesk.com\\\/se\\\/hogakusten\\\/news\\\/rekordmaanga-svenskar-semestrade-i-hoega-kusten-i-juli-412781?utm_source=rss&utm_medium=rss&utm_campaign=Subscription&utm_content=news#primaryimage\"},\"thumbnailUrl\":\"https:\\\/\\\/www.hkdest.se\\\/wp-content\\\/uploads\\\/2020\\\/10\\\/wbroac2rxj8dy9ola4xr.jpg\",\"datePublished\":\"2020-10-14T10:47:11+00:00\",\"dateModified\":\"2023-06-02T11:04:54+00:00\",\"breadcrumb\":{\"@id\":\"https:\\\/\\\/www.mynewsdesk.com\\\/se\\\/hogakusten\\\/news\\\/rekordmaanga-svenskar-semestrade-i-hoega-kusten-i-juli-412781?utm_source=rss&utm_medium=rss&utm_campaign=Subscription&utm_content=news#breadcrumb\"},\"inLanguage\":\"en-US\",\"potentialAction\":[{\"@type\":\"ReadAction\",\"target\":[\"https:\\\/\\\/www.mynewsdesk.com\\\/se\\\/hogakusten\\\/news\\\/rekordmaanga-svenskar-semestrade-i-hoega-kusten-i-juli-412781?utm_source=rss&utm_medium=rss&utm_campaign=Subscription&utm_content=news\"]}]},{\"@type\":\"ImageObject\",\"inLanguage\":\"en-US\",\"@id\":\"https:\\\/\\\/www.mynewsdesk.com\\\/se\\\/hogakusten\\\/news\\\/rekordmaanga-svenskar-semestrade-i-hoega-kusten-i-juli-412781?utm_source=rss&utm_medium=rss&utm_campaign=Subscription&utm_content=news#primaryimage\",\"url\":\"https:\\\/\\\/www.hkdest.se\\\/wp-content\\\/uploads\\\/2020\\\/10\\\/wbroac2rxj8dy9ola4xr.jpg\",\"contentUrl\":\"https:\\\/\\\/www.hkdest.se\\\/wp-content\\\/uploads\\\/2020\\\/10\\\/wbroac2rxj8dy9ola4xr.jpg\",\"width\":1782,\"height\":1002},{\"@type\":\"BreadcrumbList\",\"@id\":\"https:\\\/\\\/www.mynewsdesk.com\\\/se\\\/hogakusten\\\/news\\\/rekordmaanga-svenskar-semestrade-i-hoega-kusten-i-juli-412781?utm_source=rss&utm_medium=rss&utm_campaign=Subscription&utm_content=news#breadcrumb\",\"itemListElement\":[{\"@type\":\"ListItem\",\"position\":1,\"name\":\"Hem\",\"item\":\"https:\\\/\\\/www.hkdest.se\\\/\"},{\"@type\":\"ListItem\",\"position\":2,\"name\":\"Rekordm\u00e5nga svenskar semestrade i H\u00f6ga Kusten i juli\"}]},{\"@type\":\"WebSite\",\"@id\":\"https:\\\/\\\/www.hkdest.se\\\/#website\",\"url\":\"https:\\\/\\\/www.hkdest.se\\\/\",\"name\":\"H\u00f6ga Kusten Destinationsutveckling\",\"description\":\"Tillsammans bygger vi framtidens H\u00f6ga Kusten\",\"publisher\":{\"@id\":\"https:\\\/\\\/www.hkdest.se\\\/#organization\"},\"potentialAction\":[{\"@type\":\"SearchAction\",\"target\":{\"@type\":\"EntryPoint\",\"urlTemplate\":\"https:\\\/\\\/www.hkdest.se\\\/?s={search_term_string}\"},\"query-input\":{\"@type\":\"PropertyValueSpecification\",\"valueRequired\":true,\"valueName\":\"search_term_string\"}}],\"inLanguage\":\"en-US\"},{\"@type\":\"Organization\",\"@id\":\"https:\\\/\\\/www.hkdest.se\\\/#organization\",\"name\":\"H\u00f6ga Kusten Destinationsutveckling\",\"url\":\"https:\\\/\\\/www.hkdest.se\\\/\",\"logo\":{\"@type\":\"ImageObject\",\"inLanguage\":\"en-US\",\"@id\":\"https:\\\/\\\/www.hkdest.se\\\/#\\\/schema\\\/logo\\\/image\\\/\",\"url\":\"https:\\\/\\\/www.hkdest.se\\\/wp-content\\\/uploads\\\/2021\\\/10\\\/cropped-HK_Dest_LOGOTYP_color_liten_Rityta-1.png\",\"contentUrl\":\"https:\\\/\\\/www.hkdest.se\\\/wp-content\\\/uploads\\\/2021\\\/10\\\/cropped-HK_Dest_LOGOTYP_color_liten_Rityta-1.png\",\"width\":286,\"height\":300,\"caption\":\"H\u00f6ga Kusten Destinationsutveckling\"},\"image\":{\"@id\":\"https:\\\/\\\/www.hkdest.se\\\/#\\\/schema\\\/logo\\\/image\\\/\"},\"sameAs\":[\"https:\\\/\\\/www.facebook.com\\\/hogakusten\"]},{\"@type\":\"Person\",\"@id\":\"https:\\\/\\\/www.hkdest.se\\\/#\\\/schema\\\/person\\\/c262408fce9386c8d4250bda068e119e\",\"name\":\"HK Dest\",\"url\":\"https:\\\/\\\/www.hkdest.se\\\/en\\\/author\\\/hk-dest\\\/\"}]}<\/script>\n<!-- \/ Yoast SEO plugin. -->","yoast_head_json":{"title":"Rekordm\u00e5nga svenskar semestrade i H\u00f6ga Kusten i juli - H\u00f6ga Kusten Destinationsutveckling","robots":{"index":"index","follow":"follow","max-snippet":"max-snippet:-1","max-image-preview":"max-image-preview:large","max-video-preview":"max-video-preview:-1"},"canonical":"https:\/\/www.mynewsdesk.com\/se\/hogakusten\/news\/rekordmaanga-svenskar-semestrade-i-hoega-kusten-i-juli-412781?utm_source=rss&utm_medium=rss&utm_campaign=Subscription&utm_content=news","og_locale":"en_US","og_type":"article","og_title":"Rekordm\u00e5nga svenskar semestrade i H\u00f6ga Kusten i juli - H\u00f6ga Kusten Destinationsutveckling","og_description":"Efter en intensiv v\u00e5r d\u00e4r vi p\u00e5 H\u00f6ga Kusten Destinationsutveckling aktivt st\u00e4llt om v\u00e5ra resurser f\u00f6r att b\u00e5de kortsiktigt och l\u00e5ngsiktigt st\u00e4rka bes\u00f6ksn\u00e4ringsf\u00f6retagen i H\u00f6ga Kusten, kom i mitten p\u00e5 juni ett f\u00f6r m\u00e5nga efterl\u00e4ngtat besked; reserestriktionerna l\u00e4ttar och det blir m\u00f6jligt att resa inom Sverige igen. Hemester var ordet p\u00e5 allas l\u00e4ppar och fr\u00e5n [&hellip;]","og_url":"https:\/\/www.mynewsdesk.com\/se\/hogakusten\/news\/rekordmaanga-svenskar-semestrade-i-hoega-kusten-i-juli-412781?utm_source=rss&utm_medium=rss&utm_campaign=Subscription&utm_content=news","og_site_name":"H\u00f6ga Kusten Destinationsutveckling","article_publisher":"https:\/\/www.facebook.com\/hogakusten","article_published_time":"2020-10-14T10:47:11+00:00","article_modified_time":"2023-06-02T11:04:54+00:00","og_image":[{"width":1782,"height":1002,"url":"https:\/\/www.hkdest.se\/wp-content\/uploads\/2020\/10\/wbroac2rxj8dy9ola4xr.jpg","type":"image\/jpeg"}],"author":"HK Dest","twitter_card":"summary_large_image","twitter_misc":{"Written by":"HK Dest","Est. reading time":"3 minutes"},"schema":{"@context":"https:\/\/schema.org","@graph":[{"@type":"Article","@id":"https:\/\/www.mynewsdesk.com\/se\/hogakusten\/news\/rekordmaanga-svenskar-semestrade-i-hoega-kusten-i-juli-412781?utm_source=rss&utm_medium=rss&utm_campaign=Subscription&utm_content=news#article","isPartOf":{"@id":"https:\/\/www.hkdest.se\/nyheter\/rekordmanga-svenskar-semestrade-i-hoga-kusten-i-juli\/"},"author":{"name":"HK Dest","@id":"https:\/\/www.hkdest.se\/#\/schema\/person\/c262408fce9386c8d4250bda068e119e"},"headline":"Rekordm\u00e5nga svenskar semestrade i H\u00f6ga Kusten i juli","datePublished":"2020-10-14T10:47:11+00:00","dateModified":"2023-06-02T11:04:54+00:00","mainEntityOfPage":{"@id":"https:\/\/www.hkdest.se\/nyheter\/rekordmanga-svenskar-semestrade-i-hoga-kusten-i-juli\/"},"wordCount":588,"publisher":{"@id":"https:\/\/www.hkdest.se\/#organization"},"image":{"@id":"https:\/\/www.mynewsdesk.com\/se\/hogakusten\/news\/rekordmaanga-svenskar-semestrade-i-hoega-kusten-i-juli-412781?utm_source=rss&utm_medium=rss&utm_campaign=Subscription&utm_content=news#primaryimage"},"thumbnailUrl":"https:\/\/www.hkdest.se\/wp-content\/uploads\/2020\/10\/wbroac2rxj8dy9ola4xr.jpg","articleSection":["Nyheter"],"inLanguage":"en-US"},{"@type":"WebPage","@id":"https:\/\/www.hkdest.se\/nyheter\/rekordmanga-svenskar-semestrade-i-hoga-kusten-i-juli\/","url":"https:\/\/www.mynewsdesk.com\/se\/hogakusten\/news\/rekordmaanga-svenskar-semestrade-i-hoega-kusten-i-juli-412781?utm_source=rss&utm_medium=rss&utm_campaign=Subscription&utm_content=news","name":"Rekordm\u00e5nga svenskar semestrade i H\u00f6ga Kusten i juli - H\u00f6ga Kusten Destinationsutveckling","isPartOf":{"@id":"https:\/\/www.hkdest.se\/#website"},"primaryImageOfPage":{"@id":"https:\/\/www.mynewsdesk.com\/se\/hogakusten\/news\/rekordmaanga-svenskar-semestrade-i-hoega-kusten-i-juli-412781?utm_source=rss&utm_medium=rss&utm_campaign=Subscription&utm_content=news#primaryimage"},"image":{"@id":"https:\/\/www.mynewsdesk.com\/se\/hogakusten\/news\/rekordmaanga-svenskar-semestrade-i-hoega-kusten-i-juli-412781?utm_source=rss&utm_medium=rss&utm_campaign=Subscription&utm_content=news#primaryimage"},"thumbnailUrl":"https:\/\/www.hkdest.se\/wp-content\/uploads\/2020\/10\/wbroac2rxj8dy9ola4xr.jpg","datePublished":"2020-10-14T10:47:11+00:00","dateModified":"2023-06-02T11:04:54+00:00","breadcrumb":{"@id":"https:\/\/www.mynewsdesk.com\/se\/hogakusten\/news\/rekordmaanga-svenskar-semestrade-i-hoega-kusten-i-juli-412781?utm_source=rss&utm_medium=rss&utm_campaign=Subscription&utm_content=news#breadcrumb"},"inLanguage":"en-US","potentialAction":[{"@type":"ReadAction","target":["https:\/\/www.mynewsdesk.com\/se\/hogakusten\/news\/rekordmaanga-svenskar-semestrade-i-hoega-kusten-i-juli-412781?utm_source=rss&utm_medium=rss&utm_campaign=Subscription&utm_content=news"]}]},{"@type":"ImageObject","inLanguage":"en-US","@id":"https:\/\/www.mynewsdesk.com\/se\/hogakusten\/news\/rekordmaanga-svenskar-semestrade-i-hoega-kusten-i-juli-412781?utm_source=rss&utm_medium=rss&utm_campaign=Subscription&utm_content=news#primaryimage","url":"https:\/\/www.hkdest.se\/wp-content\/uploads\/2020\/10\/wbroac2rxj8dy9ola4xr.jpg","contentUrl":"https:\/\/www.hkdest.se\/wp-content\/uploads\/2020\/10\/wbroac2rxj8dy9ola4xr.jpg","width":1782,"height":1002},{"@type":"BreadcrumbList","@id":"https:\/\/www.mynewsdesk.com\/se\/hogakusten\/news\/rekordmaanga-svenskar-semestrade-i-hoega-kusten-i-juli-412781?utm_source=rss&utm_medium=rss&utm_campaign=Subscription&utm_content=news#breadcrumb","itemListElement":[{"@type":"ListItem","position":1,"name":"Hem","item":"https:\/\/www.hkdest.se\/"},{"@type":"ListItem","position":2,"name":"Rekordm\u00e5nga svenskar semestrade i H\u00f6ga Kusten i juli"}]},{"@type":"WebSite","@id":"https:\/\/www.hkdest.se\/#website","url":"https:\/\/www.hkdest.se\/","name":"H\u00f6ga Kusten Destinationsutveckling","description":"Tillsammans bygger vi framtidens H\u00f6ga Kusten","publisher":{"@id":"https:\/\/www.hkdest.se\/#organization"},"potentialAction":[{"@type":"SearchAction","target":{"@type":"EntryPoint","urlTemplate":"https:\/\/www.hkdest.se\/?s={search_term_string}"},"query-input":{"@type":"PropertyValueSpecification","valueRequired":true,"valueName":"search_term_string"}}],"inLanguage":"en-US"},{"@type":"Organization","@id":"https:\/\/www.hkdest.se\/#organization","name":"H\u00f6ga Kusten Destinationsutveckling","url":"https:\/\/www.hkdest.se\/","logo":{"@type":"ImageObject","inLanguage":"en-US","@id":"https:\/\/www.hkdest.se\/#\/schema\/logo\/image\/","url":"https:\/\/www.hkdest.se\/wp-content\/uploads\/2021\/10\/cropped-HK_Dest_LOGOTYP_color_liten_Rityta-1.png","contentUrl":"https:\/\/www.hkdest.se\/wp-content\/uploads\/2021\/10\/cropped-HK_Dest_LOGOTYP_color_liten_Rityta-1.png","width":286,"height":300,"caption":"H\u00f6ga Kusten Destinationsutveckling"},"image":{"@id":"https:\/\/www.hkdest.se\/#\/schema\/logo\/image\/"},"sameAs":["https:\/\/www.facebook.com\/hogakusten"]},{"@type":"Person","@id":"https:\/\/www.hkdest.se\/#\/schema\/person\/c262408fce9386c8d4250bda068e119e","name":"HK Dest","url":"https:\/\/www.hkdest.se\/en\/author\/hk-dest\/"}]}},"_links":{"self":[{"href":"https:\/\/www.hkdest.se\/en\/wp-json\/wp\/v2\/posts\/9771","targetHints":{"allow":["GET"]}}],"collection":[{"href":"https:\/\/www.hkdest.se\/en\/wp-json\/wp\/v2\/posts"}],"about":[{"href":"https:\/\/www.hkdest.se\/en\/wp-json\/wp\/v2\/types\/post"}],"author":[{"embeddable":true,"href":"https:\/\/www.hkdest.se\/en\/wp-json\/wp\/v2\/users\/2"}],"replies":[{"embeddable":true,"href":"https:\/\/www.hkdest.se\/en\/wp-json\/wp\/v2\/comments?post=9771"}],"version-history":[{"count":0,"href":"https:\/\/www.hkdest.se\/en\/wp-json\/wp\/v2\/posts\/9771\/revisions"}],"wp:featuredmedia":[{"embeddable":true,"href":"https:\/\/www.hkdest.se\/en\/wp-json\/wp\/v2\/media\/9773"}],"wp:attachment":[{"href":"https:\/\/www.hkdest.se\/en\/wp-json\/wp\/v2\/media?parent=9771"}],"wp:term":[{"taxonomy":"category","embeddable":true,"href":"https:\/\/www.hkdest.se\/en\/wp-json\/wp\/v2\/categories?post=9771"},{"taxonomy":"post_tag","embeddable":true,"href":"https:\/\/www.hkdest.se\/en\/wp-json\/wp\/v2\/tags?post=9771"},{"taxonomy":"projekt","embeddable":true,"href":"https:\/\/www.hkdest.se\/en\/wp-json\/wp\/v2\/projekt?post=9771"},{"taxonomy":"kategori","embeddable":true,"href":"https:\/\/www.hkdest.se\/en\/wp-json\/wp\/v2\/kategori?post=9771"}],"curies":[{"name":"wp","href":"https:\/\/api.w.org\/{rel}","templated":true}]}}